{"id":41290,"date":"2026-04-28T12:00:48","date_gmt":"2026-04-28T17:00:48","guid":{"rendered":"https:\/\/entornospublicitarios-hena.com\/?p=41290"},"modified":"2026-04-28T16:29:43","modified_gmt":"2026-04-28T16:29:43","slug":"convoca-mexico-a-20-jugadores-de-liga-mx-rumbo-al-mundial-2026","status":"publish","type":"post","link":"https:\/\/entornospublicitarios-hena.com\/?p=41290","title":{"rendered":"Convoca M\u00e9xico a 20 jugadores de Liga MX rumbo al Mundial 2026"},"content":{"rendered":"<p>\ud83d\udd38 En la lista aparecen 12 futbolistas contemplados para integrar la prelista definitiva que ser\u00e1 entregada a FIFA el 1 de junio<\/p>\n<p>#DEPORTES | La Selecci\u00f3n Nacional de M\u00e9xico dio a conocer una convocatoria de 20 jugadores de clubes de la Liga MX para iniciar concentraci\u00f3n como parte de la preparaci\u00f3n rumbo a la Copa del Mundo de 2026.<\/p>\n<p>De acuerdo con el comunicado, el grupo comenzar\u00e1 trabajos el pr\u00f3ximo 26 de mayo en el Centro de Alto Rendimiento (CAR), donde sostendr\u00e1n entrenamientos bajo las \u00f3rdenes del cuerpo t\u00e9cnico nacional.<\/p>\n<p>En la lista aparecen 12 futbolistas contemplados para integrar la prelista definitiva que ser\u00e1 entregada a FIFA el 1 de junio, entre ellos Guillermo Ochoa, Luis \u00c1ngel Malag\u00f3n, Jes\u00fas Gallardo, Edson \u00c1lvarez, Luis Ch\u00e1vez, Orbel\u00edn Pineda y Alexis Vega. Tambi\u00e9n destaca la presencia de ocho jugadores con seguimiento para el siguiente ciclo mundialista, como parte del proceso de fortalecimiento del grupo.<\/p>\n<p>Entre los convocados figuran elementos de clubes como Am\u00e9rica, Chivas, Cruz Azul, Toluca, Pumas, Tijuana, Santos y San Luis. La convocatoria no contempla a jugadores que militan en el extranjero, quienes ser\u00e1n integrados posteriormente conforme a la reglamentaci\u00f3n del torneo.<\/p>\n<p>La concentraci\u00f3n forma parte de los trabajos previos del Tricolor de cara a sus compromisos de preparaci\u00f3n antes de encarar la Copa del Mundo que M\u00e9xico organizar\u00e1 junto con Estados Unidos y Canad\u00e1.<\/p>\n","protected":false},"excerpt":{"rendered":"<p>\ud83d\udd38 En la lista aparecen 12 futbolistas contemplados para integrar la prelista definitiva que ser\u00e1 entregada a FIFA el 1 de junio #DEPORTES | La Selecci\u00f3n Nacional de M\u00e9xico dio a conocer una convocatoria de 20 jugadores de clubes de la Liga MX para iniciar concentraci\u00f3n como parte de la preparaci\u00f3n rumbo a la Copa [&hellip;]<\/p>\n","protected":false},"author":2,"featured_media":41292,"comment_status":"open","ping_status":"closed","sticky":false,"template":"","format":"standard","meta":{"footnotes":""},"categories":[4],"tags":[],"class_list":["post-41290","post","type-post","status-publish","format-standard","has-post-thumbnail","hentry","category-deportes"],"_links":{"self":[{"href":"https:\/\/entornospublicitarios-hena.com\/index.php?rest_route=\/wp\/v2\/posts\/41290","targetHints":{"allow":["GET"]}}],"collection":[{"href":"https:\/\/entornospublicitarios-hena.com\/index.php?rest_route=\/wp\/v2\/posts"}],"about":[{"href":"https:\/\/entornospublicitarios-hena.com\/index.php?rest_route=\/wp\/v2\/types\/post"}],"author":[{"embeddable":true,"href":"https:\/\/entornospublicitarios-hena.com\/index.php?rest_route=\/wp\/v2\/users\/2"}],"replies":[{"embeddable":true,"href":"https:\/\/entornospublicitarios-hena.com\/index.php?rest_route=%2Fwp%2Fv2%2Fcomments&post=41290"}],"version-history":[{"count":1,"href":"https:\/\/entornospublicitarios-hena.com\/index.php?rest_route=\/wp\/v2\/posts\/41290\/revisions"}],"predecessor-version":[{"id":41291,"href":"https:\/\/entornospublicitarios-hena.com\/index.php?rest_route=\/wp\/v2\/posts\/41290\/revisions\/41291"}],"wp:featuredmedia":[{"embeddable":true,"href":"https:\/\/entornospublicitarios-hena.com\/index.php?rest_route=\/wp\/v2\/media\/41292"}],"wp:attachment":[{"href":"https:\/\/entornospublicitarios-hena.com\/index.php?rest_route=%2Fwp%2Fv2%2Fmedia&parent=41290"}],"wp:term":[{"taxonomy":"category","embeddable":true,"href":"https:\/\/entornospublicitarios-hena.com\/index.php?rest_route=%2Fwp%2Fv2%2Fcategories&post=41290"},{"taxonomy":"post_tag","embeddable":true,"href":"https:\/\/entornospublicitarios-hena.com\/index.php?rest_route=%2Fwp%2Fv2%2Ftags&post=41290"}],"curies":[{"name":"wp","href":"https:\/\/api.w.org\/{rel}","templated":true}]}}