{"id":41302,"date":"2026-04-28T16:00:45","date_gmt":"2026-04-28T21:00:45","guid":{"rendered":"https:\/\/entornospublicitarios-hena.com\/?p=41302"},"modified":"2026-04-28T16:47:00","modified_gmt":"2026-04-28T16:47:00","slug":"ricardo-perez-celebra-dos-anos-de-amor-con-susana-zabaleta-y-le-dedica-un-tierno-mensaje-perdon-por-llegar-tan-tarde","status":"publish","type":"post","link":"https:\/\/entornospublicitarios-hena.com\/?p=41302","title":{"rendered":"Ricardo P\u00e9rez celebra dos a\u00f1os de amor con Susana Zabaleta y le dedica un tierno mensaje: \u201cPerd\u00f3n por llegar tan tarde\u201d"},"content":{"rendered":"<p>\ud83d\udd38 Los famosos se conocieron a finales de 2023 en el reality \u201cDivina comedia\u201d en el que participaron junto a Jos\u00e9 Luis Slobotzky y Eduardo Videgaray<\/p>\n<p>&nbsp;<\/p>\n<p>&nbsp;<\/p>\n<p>#ESPECT\u00c1CULOS | La cantante y actriz Susana Zabaleta y el comediante Ricardo P\u00e9rez est\u00e1n celebrando dos a\u00f1os de amor. Por este motivo, ayer, lunes 27 de marzo, el titular del podcast \u201cLa Cotorrisa\u201d le dedic\u00f3 un emotivo mensaje a su novia, de modo que recibe numerosos comentarios en redes sociales.<\/p>\n<p>&nbsp;<\/p>\n<p>\u201cOtro a\u00f1o que pasa en un abrir y cerrar de ojos\u201d, escribi\u00f3 inicialmente el comediante, de 31 a\u00f1os de edad, en la publicaci\u00f3n con dedicatoria a la musa del fallecido cantautor yucateco Armando Manzanero. Adem\u00e1s, el standapero le agradeci\u00f3 a su pareja por estos dos a\u00f1os juntos.<\/p>\n<p>&nbsp;<\/p>\n<p>\u201cGracias, Susana por seguirme haci\u00e9ndome sentir el hombre m\u00e1s afortunado del mundo. Me haces la vida m\u00e1s bonita\u201d, a\u00f1adi\u00f3 en su mensaje Ricardo P\u00e9rez.<\/p>\n<p>&nbsp;<\/p>\n<p>Ricardo P\u00e9rez celebra su segundo aniversario de amor con Susana Zabaleta<\/p>\n<p>Las palabras de Ricardo P\u00e9rez para Susana Zabaleta, de 61 a\u00f1os, continuaron, ya que en el mensaje tambi\u00e9n incluy\u00f3 lo siguiente: \u201cPerd\u00f3n por llegar tan tarde, pero qu\u00e9 bueno que no nos lo perdimos. Te amo\u201d. Ante esto, usuarios reaccionario con sentido del humor, pero tambi\u00e9n con ternura; entre los comentarios, se leen los siguientes:<\/p>\n<p>&nbsp;<\/p>\n<p>&nbsp;<\/p>\n<p>\u201cPerd\u00f3n por llegar tan tarde, es que estaba naciendo\u201d<\/p>\n<p>\u201cPerd\u00f3n por llegar tan tarde, andaba cambiando tazos\u201d<\/p>\n<p>\u201cQu\u00e9 viva el amor\u201d<\/p>\n<p>\u201cEl glow up de Ricardo sin duda es al lado de Susana. Qu\u00e9 bonito cuando los dos brillan de amor, se ve a trav\u00e9s de las pantallas la admiraci\u00f3n mutua y eso no se ve en cualquier pareja del medio. Y se ve que Susana ni se esfuerza para encantar a Ricardo, con la pura mirada se tienen rendidos mutuamente\u201d<\/p>\n<p>\u201cEste carrusel lo guardo para manifestar un amor as\u00ed\u2026 bonito\u201d<\/p>\n<p>C\u00f3mo se conocieron Susana Zabaleta y Ricardo P\u00e9rez<\/p>\n<p>La publicaci\u00f3n de Ricardo P\u00e9rez incluye una galer\u00eda de fotos en las que aparece con Susana Zabaleta; igual a\u00f1adi\u00f3 un v\u00eddeo del \u00faltimo \u00e1lbum de su pareja, quien a trav\u00e9s de \u00e9l le dedic\u00f3 palabras de amor.<\/p>\n<p>&nbsp;<\/p>\n<p>Hay que recordar que la pareja se conoci\u00f3 a finales de 2023 en el reality \u201cDivina comedia\u201d en el que participaron junto a Jos\u00e9 Luis Slobotzky y Eduardo Videgaray. Inicialmente los famosos recibieron cr\u00edticas debido a la diferencia de edad de 30 a\u00f1os, lo que ignoraron y a la fecha siguen presumiendo su amor.<\/p>\n<p>&nbsp;<\/p>\n","protected":false},"excerpt":{"rendered":"<p>\ud83d\udd38 Los famosos se conocieron a finales de 2023 en el reality \u201cDivina comedia\u201d en el que participaron junto a Jos\u00e9 Luis Slobotzky y Eduardo Videgaray &nbsp; &nbsp; #ESPECT\u00c1CULOS | La cantante y actriz Susana Zabaleta y el comediante Ricardo P\u00e9rez est\u00e1n celebrando dos a\u00f1os de amor. Por este motivo, ayer, lunes 27 de marzo, [&hellip;]<\/p>\n","protected":false},"author":2,"featured_media":41304,"comment_status":"open","ping_status":"closed","sticky":false,"template":"","format":"standard","meta":{"footnotes":""},"categories":[2],"tags":[],"class_list":["post-41302","post","type-post","status-publish","format-standard","has-post-thumbnail","hentry","category-espectaculos"],"_links":{"self":[{"href":"https:\/\/entornospublicitarios-hena.com\/index.php?rest_route=\/wp\/v2\/posts\/41302","targetHints":{"allow":["GET"]}}],"collection":[{"href":"https:\/\/entornospublicitarios-hena.com\/index.php?rest_route=\/wp\/v2\/posts"}],"about":[{"href":"https:\/\/entornospublicitarios-hena.com\/index.php?rest_route=\/wp\/v2\/types\/post"}],"author":[{"embeddable":true,"href":"https:\/\/entornospublicitarios-hena.com\/index.php?rest_route=\/wp\/v2\/users\/2"}],"replies":[{"embeddable":true,"href":"https:\/\/entornospublicitarios-hena.com\/index.php?rest_route=%2Fwp%2Fv2%2Fcomments&post=41302"}],"version-history":[{"count":1,"href":"https:\/\/entornospublicitarios-hena.com\/index.php?rest_route=\/wp\/v2\/posts\/41302\/revisions"}],"predecessor-version":[{"id":41303,"href":"https:\/\/entornospublicitarios-hena.com\/index.php?rest_route=\/wp\/v2\/posts\/41302\/revisions\/41303"}],"wp:featuredmedia":[{"embeddable":true,"href":"https:\/\/entornospublicitarios-hena.com\/index.php?rest_route=\/wp\/v2\/media\/41304"}],"wp:attachment":[{"href":"https:\/\/entornospublicitarios-hena.com\/index.php?rest_route=%2Fwp%2Fv2%2Fmedia&parent=41302"}],"wp:term":[{"taxonomy":"category","embeddable":true,"href":"https:\/\/entornospublicitarios-hena.com\/index.php?rest_route=%2Fwp%2Fv2%2Fcategories&post=41302"},{"taxonomy":"post_tag","embeddable":true,"href":"https:\/\/entornospublicitarios-hena.com\/index.php?rest_route=%2Fwp%2Fv2%2Ftags&post=41302"}],"curies":[{"name":"wp","href":"https:\/\/api.w.org\/{rel}","templated":true}]}}