{"id":45078,"date":"2026-09-01T14:00:22","date_gmt":"2026-09-01T19:00:22","guid":{"rendered":"https:\/\/entornospublicitarios-hena.com\/?p=45078"},"modified":"2026-09-01T17:28:28","modified_gmt":"2026-09-01T17:28:28","slug":"raul-magana-sufre-accidente-automovilistico-y-preocupa-a-sus-seguidores","status":"publish","type":"post","link":"https:\/\/entornospublicitarios-hena.com\/?p=45078","title":{"rendered":"Ra\u00fal Maga\u00f1a sufre accidente automovil\u00edstico y preocupa a sus seguidores"},"content":{"rendered":"<p>\ud83d\udd38El conductor comparti\u00f3 un video relacionado con el percance, cuyas im\u00e1genes generaron inquietud entre sus seguidores; hasta ahora se conocen pocos detalles sobre lo ocurrido<\/p>\n<p>#ESPECT\u00c1CULOS | El conductor y actor Ra\u00fal Maga\u00f1a sufri\u00f3 un accidente automovil\u00edstico que gener\u00f3 preocupaci\u00f3n entre sus seguidores, luego de que se difundiera un video relacionado con el percance.<\/p>\n<p>Maga\u00f1a, conocido por su participaci\u00f3n en programas de televisi\u00f3n como Se Vale y Vivalavi, aparece en las im\u00e1genes que comenzaron a circular en redes sociales a ra\u00edz del incidente.<\/p>\n<p>El accidente ocurri\u00f3 mientras el tambi\u00e9n actor se encontraba a bordo de un autom\u00f3vil. El material difundido muestra parte de lo sucedido y el estado en que qued\u00f3 la unidad tras el hecho, aunque hasta el momento no se han dado a conocer mayores detalles sobre las circunstancias.<\/p>\n<p>La situaci\u00f3n llam\u00f3 la atenci\u00f3n de sus seguidores, quienes expresaron preocupaci\u00f3n por el conductor ante las im\u00e1genes difundidas en redes sociales.<br \/>\nRa\u00fal Maga\u00f1a cuenta con una amplia trayectoria en televisi\u00f3n, donde adem\u00e1s de conducir programas ha participado en diversas telenovelas. Entre sus trabajos destacan La fea m\u00e1s bella, Coraz\u00f3n indomable, C\u00f3mplices al rescate y Por amar sin ley.<\/p>\n<p>Hasta ahora, la informaci\u00f3n disponible sobre el percance se concentra en el material audiovisual difundido, por lo que se espera que Maga\u00f1a o su equipo proporcionen m\u00e1s detalles sobre su estado y las circunstancias en que ocurri\u00f3 el accidente.<\/p>\n","protected":false},"excerpt":{"rendered":"<p>\ud83d\udd38El conductor comparti\u00f3 un video relacionado con el percance, cuyas im\u00e1genes generaron inquietud entre sus seguidores; hasta ahora se conocen pocos detalles sobre lo ocurrido #ESPECT\u00c1CULOS | El conductor y actor Ra\u00fal Maga\u00f1a sufri\u00f3 un accidente automovil\u00edstico que gener\u00f3 preocupaci\u00f3n entre sus seguidores, luego de que se difundiera un video relacionado con el percance. Maga\u00f1a, [&hellip;]<\/p>\n","protected":false},"author":2,"featured_media":45080,"comment_status":"open","ping_status":"closed","sticky":false,"template":"","format":"standard","meta":{"footnotes":""},"categories":[2],"tags":[],"class_list":["post-45078","post","type-post","status-publish","format-standard","has-post-thumbnail","hentry","category-espectaculos"],"_links":{"self":[{"href":"https:\/\/entornospublicitarios-hena.com\/index.php?rest_route=\/wp\/v2\/posts\/45078","targetHints":{"allow":["GET"]}}],"collection":[{"href":"https:\/\/entornospublicitarios-hena.com\/index.php?rest_route=\/wp\/v2\/posts"}],"about":[{"href":"https:\/\/entornospublicitarios-hena.com\/index.php?rest_route=\/wp\/v2\/types\/post"}],"author":[{"embeddable":true,"href":"https:\/\/entornospublicitarios-hena.com\/index.php?rest_route=\/wp\/v2\/users\/2"}],"replies":[{"embeddable":true,"href":"https:\/\/entornospublicitarios-hena.com\/index.php?rest_route=%2Fwp%2Fv2%2Fcomments&post=45078"}],"version-history":[{"count":1,"href":"https:\/\/entornospublicitarios-hena.com\/index.php?rest_route=\/wp\/v2\/posts\/45078\/revisions"}],"predecessor-version":[{"id":45079,"href":"https:\/\/entornospublicitarios-hena.com\/index.php?rest_route=\/wp\/v2\/posts\/45078\/revisions\/45079"}],"wp:featuredmedia":[{"embeddable":true,"href":"https:\/\/entornospublicitarios-hena.com\/index.php?rest_route=\/wp\/v2\/media\/45080"}],"wp:attachment":[{"href":"https:\/\/entornospublicitarios-hena.com\/index.php?rest_route=%2Fwp%2Fv2%2Fmedia&parent=45078"}],"wp:term":[{"taxonomy":"category","embeddable":true,"href":"https:\/\/entornospublicitarios-hena.com\/index.php?rest_route=%2Fwp%2Fv2%2Fcategories&post=45078"},{"taxonomy":"post_tag","embeddable":true,"href":"https:\/\/entornospublicitarios-hena.com\/index.php?rest_route=%2Fwp%2Fv2%2Ftags&post=45078"}],"curies":[{"name":"wp","href":"https:\/\/api.w.org\/{rel}","templated":true}]}}