{"id":45111,"date":"2026-09-02T13:00:06","date_gmt":"2026-09-02T18:00:06","guid":{"rendered":"https:\/\/entornospublicitarios-hena.com\/?p=45111"},"modified":"2026-09-02T17:13:45","modified_gmt":"2026-09-02T17:13:45","slug":"la-presidenta-claudia-sheinbaum-llevara-su-segundo-informe-a-10-estados-de-la-republica-en-una-gira-de-cuatro-dias","status":"publish","type":"post","link":"https:\/\/entornospublicitarios-hena.com\/?p=45111","title":{"rendered":"La Presidenta Claudia Sheinbaum llevar\u00e1 su segundo informe a 10 estados de la Rep\u00fablica en una gira de cuatro d\u00edas"},"content":{"rendered":"<p>\ud83d\udd38 La mandataria acudir\u00e1 el 03 de septiembre a Cuernavaca, Morelos durante su gira nacional por su Segundo Informe de Gobierno<\/p>\n<p>#MORELOS | Luego de presentar su segundo informe de gobierno, la Presidenta Claudia Sheinbaum Pardo emprender\u00e1 una gira por distintos estados del pa\u00eds del jueves 03 al domingo 06 de septiembre, con una agenda que contempla actividades en 10 entidades.<\/p>\n<p>La gira comenzar\u00e1 el jueves 03 de septiembre en la Ciudad de M\u00e9xico, donde a las 07:30 horas encabezar\u00e1 la Ma\u00f1anera del Pueblo desde el Sal\u00f3n Tesorer\u00eda de Palacio Nacional.<\/p>\n<p>Posteriormente, a las 11:15 horas, acudir\u00e1 a la conmemoraci\u00f3n por el 50 aniversario del Heroico Colegio Militar Plantel Tlalpan, en la Plaza de Maniobras del Heroico Colegio Militar.<\/p>\n<p>Ese mismo d\u00eda, la Presidenta se trasladar\u00e1 a Morelos, donde encabezar\u00e1 a las 14:00 horas el evento \u201cHonestidad y resultados\u201d en la Plaza de Armas General Emiliano Zapata, en Cuernavaca. Por la tarde, a las 18:00 horas, realizar\u00e1 el mismo acto en Durango, en la Feria Nacional Francisco Villa.<\/p>\n<p>La administraci\u00f3n de Margarita Gonz\u00e1lez Saravia, acompa\u00f1ar\u00e1 esta jornada que marca el inicio de un recorrido nacional para compartir avances y resultados de la federaci\u00f3n, en un marco de coordinaci\u00f3n y trabajo conjunto entre ambos \u00f3rdenes de gobierno.<\/p>\n<p>El viernes 04 de septiembre, Sheinbaum iniciar\u00e1 actividades a las 07:30 horas con una conferencia de prensa en el 52 Batall\u00f3n de Infanter\u00eda de la 11\/a Zona Militar, en Guadalupe, Zacatecas.<\/p>\n<p>A las 10:30 horas encabezar\u00e1 el evento \u201cHonestidad y resultados\u201d en la Plaza de Armas de Zacatecas. Posteriormente viajar\u00e1 a San Luis Potos\u00ed, donde a las 14:30 horas tendr\u00e1 un acto en el Centro de Convenciones, y cerrar\u00e1 la jornada a las 18:00 horas en Aguascalientes, en la Megavelaria.<\/p>\n<p>La gira continuar\u00e1 el s\u00e1bado 05 de septiembre con una agenda que contempla tres estados. A las 10:15 horas, la Presidenta estar\u00e1 en Colima, en la Unidad Deportiva Morelos; a las 14:30 horas encabezar\u00e1 un evento en Jalisco, en el Valle de la Arena VFG, en Tlajomulco de Z\u00fa\u00f1iga, y a las 18:45 horas llegar\u00e1 a Nayarit, donde tendr\u00e1 un acto en la Explanada de la Feria de Tepic.<\/p>\n<p>Finalmente, el domingo 06 de septiembre, Sheinbaum concluir\u00e1 esta etapa de su gira con actividades en Nuevo Le\u00f3n y Coahuila.<\/p>\n<p>A las 10:30 horas encabezar\u00e1 \u201cHonestidad y resultados\u201d en la Explanada de los H\u00e9roes, en Monterrey, y a las 13:15 horas realizar\u00e1 el \u00faltimo evento de la agenda en el Auditorio Las Maravillas, en Saltillo, Coahuila.<\/p>\n<p>Con este recorrido, la Presidenta llevar\u00e1 el mensaje de \u201cHonestidad y resultados\u201d a distintos puntos del pa\u00eds como parte de la gira posterior a su segundo informe de gobierno.<\/p>\n<p>#Gira #Nacional #Presidenta #ClaudiaSheinbaum #Morelos #Por #Segundo #Informe #Gobierno<\/p>\n","protected":false},"excerpt":{"rendered":"<p>\ud83d\udd38 La mandataria acudir\u00e1 el 03 de septiembre a Cuernavaca, Morelos durante su gira nacional por su Segundo Informe de Gobierno #MORELOS | Luego de presentar su segundo informe de gobierno, la Presidenta Claudia Sheinbaum Pardo emprender\u00e1 una gira por distintos estados del pa\u00eds del jueves 03 al domingo 06 de septiembre, con una agenda [&hellip;]<\/p>\n","protected":false},"author":2,"featured_media":45113,"comment_status":"open","ping_status":"closed","sticky":false,"template":"","format":"standard","meta":{"footnotes":""},"categories":[14,3],"tags":[],"class_list":["post-45111","post","type-post","status-publish","format-standard","has-post-thumbnail","hentry","category-morelos","category-nacional"],"_links":{"self":[{"href":"https:\/\/entornospublicitarios-hena.com\/index.php?rest_route=\/wp\/v2\/posts\/45111","targetHints":{"allow":["GET"]}}],"collection":[{"href":"https:\/\/entornospublicitarios-hena.com\/index.php?rest_route=\/wp\/v2\/posts"}],"about":[{"href":"https:\/\/entornospublicitarios-hena.com\/index.php?rest_route=\/wp\/v2\/types\/post"}],"author":[{"embeddable":true,"href":"https:\/\/entornospublicitarios-hena.com\/index.php?rest_route=\/wp\/v2\/users\/2"}],"replies":[{"embeddable":true,"href":"https:\/\/entornospublicitarios-hena.com\/index.php?rest_route=%2Fwp%2Fv2%2Fcomments&post=45111"}],"version-history":[{"count":1,"href":"https:\/\/entornospublicitarios-hena.com\/index.php?rest_route=\/wp\/v2\/posts\/45111\/revisions"}],"predecessor-version":[{"id":45112,"href":"https:\/\/entornospublicitarios-hena.com\/index.php?rest_route=\/wp\/v2\/posts\/45111\/revisions\/45112"}],"wp:featuredmedia":[{"embeddable":true,"href":"https:\/\/entornospublicitarios-hena.com\/index.php?rest_route=\/wp\/v2\/media\/45113"}],"wp:attachment":[{"href":"https:\/\/entornospublicitarios-hena.com\/index.php?rest_route=%2Fwp%2Fv2%2Fmedia&parent=45111"}],"wp:term":[{"taxonomy":"category","embeddable":true,"href":"https:\/\/entornospublicitarios-hena.com\/index.php?rest_route=%2Fwp%2Fv2%2Fcategories&post=45111"},{"taxonomy":"post_tag","embeddable":true,"href":"https:\/\/entornospublicitarios-hena.com\/index.php?rest_route=%2Fwp%2Fv2%2Ftags&post=45111"}],"curies":[{"name":"wp","href":"https:\/\/api.w.org\/{rel}","templated":true}]}}