{"id":45123,"date":"2026-09-03T09:00:14","date_gmt":"2026-09-03T14:00:14","guid":{"rendered":"https:\/\/entornospublicitarios-hena.com\/?p=45123"},"modified":"2026-09-03T17:55:48","modified_gmt":"2026-09-03T17:55:48","slug":"prohibicion-sobre-doble-nacionalidad-aprobada-en-segunda-quincena-de-septiembre-ricardo-monreal","status":"publish","type":"post","link":"https:\/\/entornospublicitarios-hena.com\/?p=45123","title":{"rendered":"Prohibici\u00f3n sobre doble nacionalidad, aprobada en segunda quincena de septiembre: Ricardo Monreal"},"content":{"rendered":"<p>\ud83d\udd38 El nuevo presidente de la C\u00e1mara de Diputados, Ra\u00fal Bola\u00f1os se manifest\u00f3 a favor de esta iniciativa presidencial.<\/p>\n<p>#CDMX | La iniciativa de la presidenta Claudia Sheinbaum sobre la prohibici\u00f3n de la doble nacionalidad para quienes aspiren a contender por la presidencia de la Rep\u00fablica y a alguna gubernatura ser\u00e1 aprobada por el pleno de la C\u00e1mara de Diputados en la segunda quincena de septiembre.<\/p>\n<p>Al dar a conocer la ruta que seguir\u00e1 esta iniciativa de reforma en materia constitucional, el coordinador de la bancada de Morena, Ricardo Monreal \u00c1vila, inform\u00f3 que el pr\u00f3ximo mi\u00e9rcoles iniciar\u00e1 el an\u00e1lisis de la propuesta en la comisi\u00f3n de Puntos Constitucionales.<\/p>\n<p>\u201cUna vez que se apruebe en Comisiones se turnar\u00e1 al pleno para su discusi\u00f3n y aprobaci\u00f3n\u201d, precis\u00f3 el tambi\u00e9n presidente de la Junta de Coordinaci\u00f3n Pol\u00edtica en el recinto de San L\u00e1zaro.<\/p>\n<p>\u201cLa ruta de la iniciativa de doble nacionalidad ser\u00e1 una reuni\u00f3n el pr\u00f3ximo 9 en comisiones para revisi\u00f3n del dictamen y en esa semana, cumpliendo con los requisitos legales, estaremos discuti\u00e9ndola y, en su caso, vot\u00e1ndola en la primera quincena, 14, 15, 16 de septiembre, agreg\u00f3 en entrevista a medios de comunicaci\u00f3n.<\/p>\n<p>Por su parte, el nuevo presidente de la C\u00e1mara de Diputados, Ra\u00fal Bola\u00f1os se manifest\u00f3 a favor de esta iniciativa presidencial.<\/p>\n<p>\u201cDesde mi punto de vista, quien aspira a ser presidente de la Rep\u00fablica tiene que tener un compromiso al 100 por ciento con nuestro pa\u00eds\u201d, manifest\u00f3.<\/p>\n<p>\u201cY yo estoy de acuerdo con la iniciativa enviada por la presidenta y esperar\u00e9 que con responsabilidad la Comisi\u00f3n de Puntos Constitucionales elabore un dictamen para tener m\u00e1s claridad sobre qu\u00e9 es lo que se cambi\u00f3 y c\u00f3mo lo hicieron\u201d, destac\u00f3.<\/p>\n<p>Bola\u00f1os insisti\u00f3 en que quien aspire a ser presidente de M\u00e9xico debe tener como \u00fanico compromiso \u201ca nuestro gran pa\u00eds\u201d.<\/p>\n<p>#Prohibici\u00f3n #Sobre #Doble #Nacionalidad #Aprobada #Segunda #Quincena #Septiembre #RicardoMonreal<\/p>\n","protected":false},"excerpt":{"rendered":"<p>\ud83d\udd38 El nuevo presidente de la C\u00e1mara de Diputados, Ra\u00fal Bola\u00f1os se manifest\u00f3 a favor de esta iniciativa presidencial. #CDMX | La iniciativa de la presidenta Claudia Sheinbaum sobre la prohibici\u00f3n de la doble nacionalidad para quienes aspiren a contender por la presidencia de la Rep\u00fablica y a alguna gubernatura ser\u00e1 aprobada por el pleno [&hellip;]<\/p>\n","protected":false},"author":2,"featured_media":45125,"comment_status":"open","ping_status":"closed","sticky":false,"template":"","format":"standard","meta":{"footnotes":""},"categories":[11,3],"tags":[],"class_list":["post-45123","post","type-post","status-publish","format-standard","has-post-thumbnail","hentry","category-cdmx","category-nacional"],"_links":{"self":[{"href":"https:\/\/entornospublicitarios-hena.com\/index.php?rest_route=\/wp\/v2\/posts\/45123","targetHints":{"allow":["GET"]}}],"collection":[{"href":"https:\/\/entornospublicitarios-hena.com\/index.php?rest_route=\/wp\/v2\/posts"}],"about":[{"href":"https:\/\/entornospublicitarios-hena.com\/index.php?rest_route=\/wp\/v2\/types\/post"}],"author":[{"embeddable":true,"href":"https:\/\/entornospublicitarios-hena.com\/index.php?rest_route=\/wp\/v2\/users\/2"}],"replies":[{"embeddable":true,"href":"https:\/\/entornospublicitarios-hena.com\/index.php?rest_route=%2Fwp%2Fv2%2Fcomments&post=45123"}],"version-history":[{"count":1,"href":"https:\/\/entornospublicitarios-hena.com\/index.php?rest_route=\/wp\/v2\/posts\/45123\/revisions"}],"predecessor-version":[{"id":45124,"href":"https:\/\/entornospublicitarios-hena.com\/index.php?rest_route=\/wp\/v2\/posts\/45123\/revisions\/45124"}],"wp:featuredmedia":[{"embeddable":true,"href":"https:\/\/entornospublicitarios-hena.com\/index.php?rest_route=\/wp\/v2\/media\/45125"}],"wp:attachment":[{"href":"https:\/\/entornospublicitarios-hena.com\/index.php?rest_route=%2Fwp%2Fv2%2Fmedia&parent=45123"}],"wp:term":[{"taxonomy":"category","embeddable":true,"href":"https:\/\/entornospublicitarios-hena.com\/index.php?rest_route=%2Fwp%2Fv2%2Fcategories&post=45123"},{"taxonomy":"post_tag","embeddable":true,"href":"https:\/\/entornospublicitarios-hena.com\/index.php?rest_route=%2Fwp%2Fv2%2Ftags&post=45123"}],"curies":[{"name":"wp","href":"https:\/\/api.w.org\/{rel}","templated":true}]}}